{"id":1032,"date":"2022-01-08T17:49:45","date_gmt":"2022-01-08T17:49:45","guid":{"rendered":"http:\/\/www.amofeles.pl\/?p=1032"},"modified":"2023-02-01T21:45:17","modified_gmt":"2023-02-01T21:45:17","slug":"deklaracja-pit-6","status":"publish","type":"post","link":"http:\/\/www.amofeles.pl\/index.php\/2022\/01\/08\/deklaracja-pit-6\/","title":{"rendered":"DEKLARACJA PIT -6- kliknij aby rozwin\u0105\u0107"},"content":{"rendered":"\t\t<div data-elementor-type=\"wp-post\" data-elementor-id=\"1032\" class=\"elementor elementor-1032\" data-elementor-settings=\"[]\">\n\t\t\t\t\t\t\t<div class=\"elementor-section-wrap\">\n\t\t\t\t\t\t\t<section class=\"elementor-section elementor-top-section elementor-element elementor-element-73da3d0f elementor-section-boxed elementor-section-height-default elementor-section-height-default\" data-id=\"73da3d0f\" data-element_type=\"section\">\n\t\t\t\t\t\t<div class=\"elementor-container elementor-column-gap-default\">\n\t\t\t\t\t<div class=\"elementor-column elementor-col-100 elementor-top-column elementor-element elementor-element-71c39c0c\" data-id=\"71c39c0c\" data-element_type=\"column\">\n\t\t\t<div class=\"elementor-widget-wrap elementor-element-populated\">\n\t\t\t\t\t\t\t\t<div class=\"elementor-element elementor-element-3ff01593 elementor-widget elementor-widget-text-editor\" data-id=\"3ff01593\" data-element_type=\"widget\" data-widget_type=\"text-editor.default\">\n\t\t\t\t<div class=\"elementor-widget-container\">\n\t\t\t\t\t\t\t<!-- wp:paragraph -->\n<p>AmoFeles przypomina wszystkim hodowcom, i\u017c \u00a0<strong>do <\/strong><strong>20 <\/strong><strong>stycznia <\/strong><strong>2023r.<\/strong> w Urz\u0119dzie Skarbowym \u00a0nale\u017cy z\u0142o\u017cy\u0107 PIT 6 za\u00a0<strong>2023 r<\/strong>. W 2023 roku obowi\u0105zuje wersja 14 PIT-6.<\/p>\n<!-- \/wp:paragraph --><!-- wp:paragraph -->\n<p><a href=\"http:\/\/www.amofeles.pl\/wp-content\/uploads\/2022\/01\/pit-6_14.docx\">Tutaj<\/a> mo\u017cesz pobra\u0107 wersj\u0119 PIT-6 edytowaln\u0105 w programie Word<\/p>\n<!-- \/wp:paragraph --><!-- wp:paragraph -->\n<p><a href=\"http:\/\/www.amofeles.pl\/wp-content\/uploads\/2022\/01\/pit-6_14_-pdf.pdf\">Tutaj<\/a> mo\u017cesz pobra\u0107 PIT-6 w wersji pdf.<\/p>\n<!-- \/wp:paragraph --><!-- wp:paragraph -->\n<p><a href=\"http:\/\/www.amofeles.pl\/wp-content\/uploads\/2022\/01\/pit-6_14-wzor^.pdf\">Tutaj<\/a> znajdziesz wz\u00f3r wype\u0142nienia PIT-6<\/p>\n<h3 style=\"text-align: center;\">Prosz\u0119 pami\u0119ta\u0107\u00a0 \u017ce deklaracje sk\u0142adamy za rok 2023 !!!<\/h3>\n<!-- \/wp:paragraph --><!-- wp:paragraph -->\n<p>Deklaracj\u0119 sk\u0142ada si\u0119 w\u00a0 Urz\u0119dzie Skarbowym zgodnym z miejscem zamieszkania podatnika.<\/p>\n<!-- \/wp:paragraph --><!-- wp:paragraph -->\n<p>Pami\u0119taj, \u017ce udzia\u0142 procentowy jest uzale\u017cniony od liczby wsp\u00f3\u0142w\u0142a\u015bcicieli hodowli ( 100% &#8211; jeden w\u0142a\u015bciciel, 50% dw\u00f3ch w\u0142a\u015bcicieli itd.)<\/p>\n<!-- \/wp:paragraph --><!-- wp:paragraph -->\n<p>W przypadku nowych hodowc\u00f3w, kt\u00f3rzy w 2023 roku zak\u0142adaj\u0105 hodowl\u0119: w terminie 7 dni od momentu rozpocz\u0119cia dzia\u0142alno\u015bci.<\/p>\n<!-- \/wp:paragraph -->\t\t\t\t\t\t<\/div>\n\t\t\t\t<\/div>\n\t\t\t\t<div class=\"elementor-element elementor-element-d902cbd elementor-widget elementor-widget-text-editor\" data-id=\"d902cbd\" data-element_type=\"widget\" data-widget_type=\"text-editor.default\">\n\t\t\t\t<div class=\"elementor-widget-container\">\n\t\t\t\t\t\t\t\t\t\t\t\t\t<\/div>\n\t\t\t\t<\/div>\n\t\t\t\t\t<\/div>\n\t\t<\/div>\n\t\t\t\t\t\t\t<\/div>\n\t\t<\/section>\n\t\t\t\t\t\t<\/div>\n\t\t\t\t\t<\/div>\n\t\t","protected":false},"excerpt":{"rendered":"<p>AmoFeles przypomina wszystkim hodowcom, i\u017c &nbsp;do 20 stycznia 2023r. w Urz\u0119dzie Skarbowym [&hellip;]<\/p>\n","protected":false},"author":1,"featured_media":0,"comment_status":"closed","ping_status":"open","sticky":false,"template":"","format":"standard","meta":[],"categories":[6],"tags":[],"_links":{"self":[{"href":"http:\/\/www.amofeles.pl\/index.php\/wp-json\/wp\/v2\/posts\/1032"}],"collection":[{"href":"http:\/\/www.amofeles.pl\/index.php\/wp-json\/wp\/v2\/posts"}],"about":[{"href":"http:\/\/www.amofeles.pl\/index.php\/wp-json\/wp\/v2\/types\/post"}],"author":[{"embeddable":true,"href":"http:\/\/www.amofeles.pl\/index.php\/wp-json\/wp\/v2\/users\/1"}],"replies":[{"embeddable":true,"href":"http:\/\/www.amofeles.pl\/index.php\/wp-json\/wp\/v2\/comments?post=1032"}],"version-history":[{"count":11,"href":"http:\/\/www.amofeles.pl\/index.php\/wp-json\/wp\/v2\/posts\/1032\/revisions"}],"predecessor-version":[{"id":1469,"href":"http:\/\/www.amofeles.pl\/index.php\/wp-json\/wp\/v2\/posts\/1032\/revisions\/1469"}],"wp:attachment":[{"href":"http:\/\/www.amofeles.pl\/index.php\/wp-json\/wp\/v2\/media?parent=1032"}],"wp:term":[{"taxonomy":"category","embeddable":true,"href":"http:\/\/www.amofeles.pl\/index.php\/wp-json\/wp\/v2\/categories?post=1032"},{"taxonomy":"post_tag","embeddable":true,"href":"http:\/\/www.amofeles.pl\/index.php\/wp-json\/wp\/v2\/tags?post=1032"}],"curies":[{"name":"wp","href":"https:\/\/api.w.org\/{rel}","templated":true}]}}