{"id":1730,"date":"2024-01-02T18:55:41","date_gmt":"2024-01-02T18:55:41","guid":{"rendered":"http:\/\/www.amofeles.pl\/?p=1730"},"modified":"2024-01-28T20:54:14","modified_gmt":"2024-01-28T20:54:14","slug":"pokaz-kotow-rasowych-w-kaliszu","status":"publish","type":"post","link":"http:\/\/www.amofeles.pl\/index.php\/2024\/01\/02\/pokaz-kotow-rasowych-w-kaliszu\/","title":{"rendered":"Pokaz Kot\u00f3w Rasowych w Kaliszu"},"content":{"rendered":"\t\t<div data-elementor-type=\"wp-post\" data-elementor-id=\"1730\" class=\"elementor elementor-1730\" data-elementor-settings=\"[]\">\n\t\t\t\t\t\t\t<div class=\"elementor-section-wrap\">\n\t\t\t\t\t\t\t<section class=\"elementor-section elementor-top-section elementor-element elementor-element-e296fc8 elementor-section-boxed elementor-section-height-default elementor-section-height-default\" data-id=\"e296fc8\" data-element_type=\"section\">\n\t\t\t\t\t\t<div class=\"elementor-container elementor-column-gap-default\">\n\t\t\t\t\t<div class=\"elementor-column elementor-col-100 elementor-top-column elementor-element elementor-element-1096dc9\" data-id=\"1096dc9\" data-element_type=\"column\">\n\t\t\t<div class=\"elementor-widget-wrap elementor-element-populated\">\n\t\t\t\t\t\t\t\t<div class=\"elementor-element elementor-element-728be30 elementor-widget elementor-widget-text-editor\" data-id=\"728be30\" data-element_type=\"widget\" data-widget_type=\"text-editor.default\">\n\t\t\t\t<div class=\"elementor-widget-container\">\n\t\t\t\t\t\t\t<p>Pozna\u0144ski Klub Kot\u00f3w Rasowych AmoFeles zaprasza serdecznie na Pokaz Kot\u00f3w , kt\u00f3ry odb\u0119dzie si\u0119 04 lutego 2024r Kaliszu.<br \/><br \/><strong>Miejsce pokazu:<\/strong><br \/>Technikum im. \u015aw. J\u00f3zefa<br \/>ul. Z\u0142ota 144A,<br \/>62-800 Kalisz<br \/><br \/><strong>Termin:<\/strong> 04.02.2024<br \/><strong>Godziny:<\/strong> 10.00-16.00 (Przyj\u0119cia kot\u00f3w w godz. 9.00-10.00)<br \/><br \/>Swoj\u0105 obecno\u015bci\u0105 jako prowadz\u0105cy pokaz u\u015bwietni Roman Grabara.<br \/><br \/><strong>Informacje dla zwiedzaj\u0105cych:<\/strong><br \/>Bilet normalny: 15 z\u0142<br \/>Bilet ulgowy: 10 z\u0142<br \/><br \/><strong>Informacje dla wystawc\u00f3w:<\/strong><br \/>Zg\u0142oszenia nale\u017cy przes\u0142a\u0107 do dnia 21.01.2024r na adres mailowy klubu: info@amofeles.pl podaj\u0105c:<br \/>Imi\u0119 i nazwisko, miejsce zamieszkania + przynale\u017cno\u015b\u0107 klubow\u0105, przydomek hodowlany, ras\u0119 (wiek , rasa , p\u0142e\u0107 ), minimalna ilo\u015b\u0107 klatek du\u017cych (120&#215;60), numer telefonu. Ewidencja po zako\u0144czeniu wystawy zostanie przekazana Powiatowemu Lekarzowi Weterynarii w Kaliszu<br \/>Zg\u0142oszenia niekompletne nie b\u0119d\u0105 rozpatrywane.<br \/>Udzia\u0142 w pokazie jest bezp\u0142atny dla cz\u0142onk\u00f3w AmoFeles, dla cz\u0142onk\u00f3w z innych klub\u00f3w pod patronatem FPL, WCF, TICA, CFA<br \/>50 z\u0142\/klatk\u0119<br \/><br \/>DLA WYSTAWC\u00d3W, NIEODP\u0141ATNIE ZAPEWNIAMY OBIAD w ilo\u015bci 2 obiady na jedno zg\u0142oszenie ( istnieje mo\u017cliwo\u015b\u0107 zakupu dodatkowych obiad\u00f3w).<br \/><br \/><strong>Warunki przyj\u0119cia kot\u00f3w:<\/strong><br \/>Wszystkie koty uczestnicz\u0105ce w pokazie musz\u0105 mie\u0107 uko\u0144czone 4 miesi\u0105ce, by\u0107 zarejestrowane w FPL, WCF lub TICA.<br \/>Nie s\u0105 wymagane za\u015bwiadczenia o stanie zdrowia kot\u00f3w, odb\u0119dzie si\u0119 kontrola weterynaryjna.<br \/>Koty przyj\u0119te na pokaz musz\u0105 by\u0107 zdrowe, wolne od chor\u00f3b zaka\u017anych i paso\u017cytniczych.<br \/>Obowi\u0105zuje szczepienie przeciwko wirusowemu zapaleniu g\u00f3rnych dr\u00f3g oddechowych i panleukopenii, dokonane nie wcze\u015bniej ni\u017c dwa lata i nie p\u00f3\u017aniej ni\u017c 15 dni przed pokazem.<br \/>Obowi\u0105zkowa ksi\u0105\u017ceczka zdrowia lub paszport kota.<br \/>Dla kot\u00f3w z terenu Polski szczepienie przeciwko w\u015bciekli\u017anie NIE OBOWI\u0104ZUJE.<br \/>Wystawiane koty musz\u0105 mie\u0107 obci\u0119te pazurki.<br \/>Koci\u0119ta, mioty musza by\u0107 zaszczepione minimum dwa razy na choroby wirusowe, wt\u00f3rne szczepienie nie p\u00f3\u017aniej ni\u017c 15 dni przed pokazem.<br \/>Wszystkie koty bior\u0105ce udzia\u0142 w pokazie musz\u0105 by\u0107 zachipowane.<br \/><br \/>Stoiskach oraz program pojawi\u0105 si\u0119 wkr\u00f3tce.<br \/>Zainteresowane stoiska prosimy o zg\u0142oszenia do 20.01.2024 r na adres mailowy info@amofeles.pl z dopiskiem POKAZ KALISZ_STOISKO<\/p>\t\t\t\t\t\t<\/div>\n\t\t\t\t<\/div>\n\t\t\t\t\t<\/div>\n\t\t<\/div>\n\t\t\t\t\t\t\t<\/div>\n\t\t<\/section>\n\t\t\t\t<section class=\"elementor-section elementor-top-section elementor-element elementor-element-4893585 elementor-section-boxed elementor-section-height-default elementor-section-height-default\" data-id=\"4893585\" data-element_type=\"section\">\n\t\t\t\t\t\t<div class=\"elementor-container elementor-column-gap-default\">\n\t\t\t\t\t<div class=\"elementor-column elementor-col-100 elementor-top-column elementor-element elementor-element-b560331\" data-id=\"b560331\" data-element_type=\"column\">\n\t\t\t<div class=\"elementor-widget-wrap elementor-element-populated\">\n\t\t\t\t\t\t\t\t<div class=\"elementor-element elementor-element-27bb37b elementor-widget elementor-widget-image\" data-id=\"27bb37b\" data-element_type=\"widget\" data-widget_type=\"image.default\">\n\t\t\t\t<div class=\"elementor-widget-container\">\n\t\t\t\t\t\t\t\t\t\t\t\t\t\t\t<img width=\"724\" height=\"1024\" src=\"http:\/\/www.amofeles.pl\/wp-content\/uploads\/2024\/01\/pokaz-kalisz-wglad-3-724x1024.jpg\" class=\"attachment-large size-large\" alt=\"\" loading=\"lazy\" srcset=\"http:\/\/www.amofeles.pl\/wp-content\/uploads\/2024\/01\/pokaz-kalisz-wglad-3-724x1024.jpg 724w, http:\/\/www.amofeles.pl\/wp-content\/uploads\/2024\/01\/pokaz-kalisz-wglad-3-212x300.jpg 212w, http:\/\/www.amofeles.pl\/wp-content\/uploads\/2024\/01\/pokaz-kalisz-wglad-3-768x1087.jpg 768w, http:\/\/www.amofeles.pl\/wp-content\/uploads\/2024\/01\/pokaz-kalisz-wglad-3-230x325.jpg 230w, http:\/\/www.amofeles.pl\/wp-content\/uploads\/2024\/01\/pokaz-kalisz-wglad-3-350x495.jpg 350w, http:\/\/www.amofeles.pl\/wp-content\/uploads\/2024\/01\/pokaz-kalisz-wglad-3-480x679.jpg 480w, http:\/\/www.amofeles.pl\/wp-content\/uploads\/2024\/01\/pokaz-kalisz-wglad-3.jpg 848w\" sizes=\"(max-width: 724px) 100vw, 724px\" \/>\t\t\t\t\t\t\t\t\t\t\t\t\t\t\t<\/div>\n\t\t\t\t<\/div>\n\t\t\t\t\t<\/div>\n\t\t<\/div>\n\t\t\t\t\t\t\t<\/div>\n\t\t<\/section>\n\t\t\t\t\t\t<\/div>\n\t\t\t\t\t<\/div>\n\t\t","protected":false},"excerpt":{"rendered":"<p>Pozna\u0144ski Klub Kot\u00f3w Rasowych AmoFeles zaprasza serdecznie na Pokaz Kot\u00f3w , kt\u00f3ry [&hellip;]<\/p>\n","protected":false},"author":1,"featured_media":0,"comment_status":"closed","ping_status":"open","sticky":false,"template":"","format":"standard","meta":[],"categories":[1],"tags":[],"_links":{"self":[{"href":"http:\/\/www.amofeles.pl\/index.php\/wp-json\/wp\/v2\/posts\/1730"}],"collection":[{"href":"http:\/\/www.amofeles.pl\/index.php\/wp-json\/wp\/v2\/posts"}],"about":[{"href":"http:\/\/www.amofeles.pl\/index.php\/wp-json\/wp\/v2\/types\/post"}],"author":[{"embeddable":true,"href":"http:\/\/www.amofeles.pl\/index.php\/wp-json\/wp\/v2\/users\/1"}],"replies":[{"embeddable":true,"href":"http:\/\/www.amofeles.pl\/index.php\/wp-json\/wp\/v2\/comments?post=1730"}],"version-history":[{"count":16,"href":"http:\/\/www.amofeles.pl\/index.php\/wp-json\/wp\/v2\/posts\/1730\/revisions"}],"predecessor-version":[{"id":1757,"href":"http:\/\/www.amofeles.pl\/index.php\/wp-json\/wp\/v2\/posts\/1730\/revisions\/1757"}],"wp:attachment":[{"href":"http:\/\/www.amofeles.pl\/index.php\/wp-json\/wp\/v2\/media?parent=1730"}],"wp:term":[{"taxonomy":"category","embeddable":true,"href":"http:\/\/www.amofeles.pl\/index.php\/wp-json\/wp\/v2\/categories?post=1730"},{"taxonomy":"post_tag","embeddable":true,"href":"http:\/\/www.amofeles.pl\/index.php\/wp-json\/wp\/v2\/tags?post=1730"}],"curies":[{"name":"wp","href":"https:\/\/api.w.org\/{rel}","templated":true}]}}