{"id":2017,"date":"2025-01-03T19:13:36","date_gmt":"2025-01-03T19:13:36","guid":{"rendered":"http:\/\/www.amofeles.pl\/?p=2017"},"modified":"2025-02-06T19:46:50","modified_gmt":"2025-02-06T19:46:50","slug":"pokaz-kotow-rasowych-w-bydgoszczy-2","status":"publish","type":"post","link":"http:\/\/www.amofeles.pl\/index.php\/2025\/01\/03\/pokaz-kotow-rasowych-w-bydgoszczy-2\/","title":{"rendered":"Pokaz Kot\u00f3w Rasowych w Bydgoszczy 22.02.2025"},"content":{"rendered":"\t\t<div data-elementor-type=\"wp-post\" data-elementor-id=\"2017\" class=\"elementor elementor-2017\" data-elementor-settings=\"[]\">\n\t\t\t\t\t\t\t<div class=\"elementor-section-wrap\">\n\t\t\t\t\t\t\t<section class=\"elementor-section elementor-top-section elementor-element elementor-element-9d0cc7f elementor-section-boxed elementor-section-height-default elementor-section-height-default\" data-id=\"9d0cc7f\" data-element_type=\"section\">\n\t\t\t\t\t\t<div class=\"elementor-container elementor-column-gap-default\">\n\t\t\t\t\t<div class=\"elementor-column elementor-col-100 elementor-top-column elementor-element elementor-element-6ddef56\" data-id=\"6ddef56\" data-element_type=\"column\">\n\t\t\t<div class=\"elementor-widget-wrap elementor-element-populated\">\n\t\t\t\t\t\t\t\t<div class=\"elementor-element elementor-element-218375a elementor-widget elementor-widget-text-editor\" data-id=\"218375a\" data-element_type=\"widget\" data-widget_type=\"text-editor.default\">\n\t\t\t\t<div class=\"elementor-widget-container\">\n\t\t\t\t\t\t\t<p>Pozna\u0144ski Klub Kot\u00f3w Rasowych AmoFeles zaprasza serdecznie na Pokaz Kot\u00f3w , kt\u00f3ry odb\u0119dzie si\u0119 22 lutego 2025r w Galerii Zielone Arkady<\/p><p><strong>Miejsce pokazu:<\/strong> Galeria Zielone Arkady Al. Wojska Polskiego 1, 85-171 Bydgoszcz<br \/><strong>Termin:<\/strong> 22.02.2025<br \/><strong>Godziny:<\/strong> 12.00-18.00 (Przyj\u0119cia kot\u00f3w w godz. 11.00-12.00) <br \/><br \/>Swoj\u0105 obecno\u015bci\u0105 jako prowadz\u0105cy pokaz u\u015bwietni Roman Grabara. <br \/><strong>Informacje dla zwiedzaj\u0105cych:<\/strong> Wst\u0119p wolny Informacje dla wystawc\u00f3w: Zg\u0142oszenia nale\u017cy przes\u0142a\u0107 do dnia 09.02.2025r na adres mailowy klubu: <strong>info@amofeles.pl<\/strong> podaj\u0105c: Imi\u0119 i nazwisko, miejsce zamieszkania + przynale\u017cno\u015b\u0107 klubow\u0105, przydomek hodowlany, ras\u0119 (wiek , rasa , p\u0142e\u0107 ), minimalna ilo\u015b\u0107 klatek du\u017cych (120&#215;60), numer telefonu. <br \/><br \/>Ewidencja po zako\u0144czeniu wystawy zostanie przekazana Powiatowemu Lekarzowi Weterynarii w Bydgoszczy Zg\u0142oszenia niekompletne nie b\u0119d\u0105 rozpatrywane. Udzia\u0142 w pokazie jest bezp\u0142atny dla cz\u0142onk\u00f3w AmoFeles, dla cz\u0142onk\u00f3w z innych klub\u00f3w pod patronatem FPL, WCF, TICA, CFA 100 z\u0142\/klatk\u0119. Ilo\u015b\u0107 miejsc ograniczona Podczas pokazu zostanie przeprowadzony wyb\u00f3r najpi\u0119kniejszych kot\u00f3w i dokonywany jest przez klient\u00f3w Centrum Handlowego Zielone Arkady w Bydgoszczy.<\/p><p>Klienci wype\u0142niaj\u0105 kupon g\u0142osuj\u0105c na koty w czterech kategoriach: najpi\u0119kniejszy KOT, najpi\u0119kniejsza KOTKA, najpi\u0119kniejsze KOCI\u0118 najmilszy KOT PUBLICZNO\u015aCI. Dodatkowym konkursem b\u0119dzie wyb\u00f3r naj\u0142adniejszej klatki i jest on dokonywany przez komisj\u0119: Prezesa AmoFeles, przedstawiciela Organizatora i Konferansjera. Podczas pokazu zostanie przeprowadzony wyb\u00f3r najpi\u0119kniejszych kot\u00f3w i dokonywany jest przez klient\u00f3w Centrum Handlowego Zielone Arkady w Bydgoszczy. Klienci wype\u0142niaj\u0105 kupon g\u0142osuj\u0105c na koty w czterech kategoriach: najpi\u0119kniejszy KOT, najpi\u0119kniejsza KOTKA, najpi\u0119kniejsze KOCI\u0118 najmilszy KOT PUBLICZNO\u015aCI. Dodatkowym konkursem b\u0119dzie wyb\u00f3r naj\u0142adniejszej klatki i jest on dokonywany przez komisj\u0119: Prezesa AmoFeles, przedstawiciela Organizatora i Konferansjera.<br \/><br \/><strong>Warunki przyj\u0119cia kot\u00f3w:<\/strong> Wszystkie koty uczestnicz\u0105ce w pokazie musz\u0105 mie\u0107 uko\u0144czone 4 miesi\u0105ce, by\u0107 zarejestrowane w FPL, WCF lub TICA. Nie s\u0105 wymagane za\u015bwiadczenia o stanie zdrowia kot\u00f3w, odb\u0119dzie si\u0119 kontrola weterynaryjna. Koty przyj\u0119te na pokaz musz\u0105 by\u0107 zdrowe, wolne od chor\u00f3b zaka\u017anych i paso\u017cytniczych. Obowi\u0105zuje szczepienie przeciwko wirusowemu zapaleniu g\u00f3rnych dr\u00f3g oddechowych i panleukopenii, dokonane nie wcze\u015bniej ni\u017c dwa lata i nie p\u00f3\u017aniej ni\u017c 15 dni przed pokazem. Obowi\u0105zkowa ksi\u0105\u017ceczka zdrowia lub paszport kota. Dla kot\u00f3w z terenu Polski szczepienie przeciwko w\u015bciekli\u017anie <strong>NIE OBOWI\u0104ZUJE<\/strong>. Wystawiane koty musz\u0105 mie\u0107 obci\u0119te pazurki. Koci\u0119ta, mioty musza by\u0107 zaszczepione minimum dwa razy na choroby wirusowe, wt\u00f3rne szczepienie nie p\u00f3\u017aniej ni\u017c 15 dni przed pokazem. Wszystkie koty bior\u0105ce udzia\u0142 w pokazie musz\u0105 by\u0107 zachipowane.<\/p>\t\t\t\t\t\t<\/div>\n\t\t\t\t<\/div>\n\t\t\t\t\t<\/div>\n\t\t<\/div>\n\t\t\t\t\t\t\t<\/div>\n\t\t<\/section>\n\t\t\t\t<section class=\"elementor-section elementor-top-section elementor-element elementor-element-0ce0a09 elementor-section-boxed elementor-section-height-default elementor-section-height-default\" data-id=\"0ce0a09\" data-element_type=\"section\">\n\t\t\t\t\t\t<div class=\"elementor-container elementor-column-gap-default\">\n\t\t\t\t\t<div class=\"elementor-column elementor-col-100 elementor-top-column elementor-element elementor-element-860b820\" data-id=\"860b820\" data-element_type=\"column\">\n\t\t\t<div class=\"elementor-widget-wrap elementor-element-populated\">\n\t\t\t\t\t\t\t\t<div class=\"elementor-element elementor-element-6c0211c elementor-widget elementor-widget-image\" data-id=\"6c0211c\" data-element_type=\"widget\" data-widget_type=\"image.default\">\n\t\t\t\t<div class=\"elementor-widget-container\">\n\t\t\t\t\t\t\t\t\t\t\t\t\t\t\t<img width=\"768\" height=\"1097\" src=\"http:\/\/www.amofeles.pl\/wp-content\/uploads\/2025\/01\/ZAB_5_Dzien-Kota_2025-1-768x1097.jpg\" class=\"attachment-medium_large size-medium_large\" alt=\"\" loading=\"lazy\" srcset=\"http:\/\/www.amofeles.pl\/wp-content\/uploads\/2025\/01\/ZAB_5_Dzien-Kota_2025-1-768x1097.jpg 768w, http:\/\/www.amofeles.pl\/wp-content\/uploads\/2025\/01\/ZAB_5_Dzien-Kota_2025-1-210x300.jpg 210w, http:\/\/www.amofeles.pl\/wp-content\/uploads\/2025\/01\/ZAB_5_Dzien-Kota_2025-1-717x1024.jpg 717w, http:\/\/www.amofeles.pl\/wp-content\/uploads\/2025\/01\/ZAB_5_Dzien-Kota_2025-1-1075x1536.jpg 1075w, http:\/\/www.amofeles.pl\/wp-content\/uploads\/2025\/01\/ZAB_5_Dzien-Kota_2025-1-1434x2048.jpg 1434w, http:\/\/www.amofeles.pl\/wp-content\/uploads\/2025\/01\/ZAB_5_Dzien-Kota_2025-1-920x1314.jpg 920w, http:\/\/www.amofeles.pl\/wp-content\/uploads\/2025\/01\/ZAB_5_Dzien-Kota_2025-1-230x329.jpg 230w, http:\/\/www.amofeles.pl\/wp-content\/uploads\/2025\/01\/ZAB_5_Dzien-Kota_2025-1-350x500.jpg 350w, http:\/\/www.amofeles.pl\/wp-content\/uploads\/2025\/01\/ZAB_5_Dzien-Kota_2025-1-480x686.jpg 480w, http:\/\/www.amofeles.pl\/wp-content\/uploads\/2025\/01\/ZAB_5_Dzien-Kota_2025-1-scaled.jpg 1792w\" sizes=\"(max-width: 768px) 100vw, 768px\" \/>\t\t\t\t\t\t\t\t\t\t\t\t\t\t\t<\/div>\n\t\t\t\t<\/div>\n\t\t\t\t\t<\/div>\n\t\t<\/div>\n\t\t\t\t\t\t\t<\/div>\n\t\t<\/section>\n\t\t\t\t\t\t<\/div>\n\t\t\t\t\t<\/div>\n\t\t","protected":false},"excerpt":{"rendered":"<p>Pozna\u0144ski Klub Kot\u00f3w Rasowych AmoFeles zaprasza serdecznie na Pokaz Kot\u00f3w , kt\u00f3ry [&hellip;]<\/p>\n","protected":false},"author":1,"featured_media":0,"comment_status":"closed","ping_status":"open","sticky":false,"template":"","format":"standard","meta":[],"categories":[1],"tags":[],"_links":{"self":[{"href":"http:\/\/www.amofeles.pl\/index.php\/wp-json\/wp\/v2\/posts\/2017"}],"collection":[{"href":"http:\/\/www.amofeles.pl\/index.php\/wp-json\/wp\/v2\/posts"}],"about":[{"href":"http:\/\/www.amofeles.pl\/index.php\/wp-json\/wp\/v2\/types\/post"}],"author":[{"embeddable":true,"href":"http:\/\/www.amofeles.pl\/index.php\/wp-json\/wp\/v2\/users\/1"}],"replies":[{"embeddable":true,"href":"http:\/\/www.amofeles.pl\/index.php\/wp-json\/wp\/v2\/comments?post=2017"}],"version-history":[{"count":11,"href":"http:\/\/www.amofeles.pl\/index.php\/wp-json\/wp\/v2\/posts\/2017\/revisions"}],"predecessor-version":[{"id":2075,"href":"http:\/\/www.amofeles.pl\/index.php\/wp-json\/wp\/v2\/posts\/2017\/revisions\/2075"}],"wp:attachment":[{"href":"http:\/\/www.amofeles.pl\/index.php\/wp-json\/wp\/v2\/media?parent=2017"}],"wp:term":[{"taxonomy":"category","embeddable":true,"href":"http:\/\/www.amofeles.pl\/index.php\/wp-json\/wp\/v2\/categories?post=2017"},{"taxonomy":"post_tag","embeddable":true,"href":"http:\/\/www.amofeles.pl\/index.php\/wp-json\/wp\/v2\/tags?post=2017"}],"curies":[{"name":"wp","href":"https:\/\/api.w.org\/{rel}","templated":true}]}}