{"id":2176,"date":"2025-04-27T18:51:27","date_gmt":"2025-04-27T18:51:27","guid":{"rendered":"http:\/\/www.amofeles.pl\/?p=2176"},"modified":"2025-04-30T18:54:35","modified_gmt":"2025-04-30T18:54:35","slug":"pokaz-kotow-rasowych-10-05-2023-w-galerii-panorama","status":"publish","type":"post","link":"http:\/\/www.amofeles.pl\/index.php\/2025\/04\/27\/pokaz-kotow-rasowych-10-05-2023-w-galerii-panorama\/","title":{"rendered":"Pokaz Kot\u00f3w Rasowych 10.05.2023 w Galerii Panorama"},"content":{"rendered":"\t\t<div data-elementor-type=\"wp-post\" data-elementor-id=\"2176\" class=\"elementor elementor-2176\" data-elementor-settings=\"[]\">\n\t\t\t\t\t\t\t<div class=\"elementor-section-wrap\">\n\t\t\t\t\t\t\t<section class=\"elementor-section elementor-top-section elementor-element elementor-element-c1249e1 elementor-section-boxed elementor-section-height-default elementor-section-height-default\" data-id=\"c1249e1\" data-element_type=\"section\">\n\t\t\t\t\t\t<div class=\"elementor-container elementor-column-gap-default\">\n\t\t\t\t\t<div class=\"elementor-column elementor-col-100 elementor-top-column elementor-element elementor-element-df3a2f6\" data-id=\"df3a2f6\" data-element_type=\"column\">\n\t\t\t<div class=\"elementor-widget-wrap elementor-element-populated\">\n\t\t\t\t\t\t\t\t<div class=\"elementor-element elementor-element-771f86d elementor-widget elementor-widget-text-editor\" data-id=\"771f86d\" data-element_type=\"widget\" data-widget_type=\"text-editor.default\">\n\t\t\t\t<div class=\"elementor-widget-container\">\n\t\t\t\t\t\t\t<p>Pozna\u0144ski Klub Kot\u00f3w Rasowych AmoFeles zaprasza serdecznie na Pokaz Kot\u00f3w , kt\u00f3ry odb\u0119dzie si\u0119 10 maja 2025r w Galerii Panorama<br \/><br \/><strong>Miejsce pokazu:<\/strong><br \/>Galeria Panorama<br \/>Ul. G\u00f3recka 30<br \/>\u200b61-201 Pozna\u0144<br \/><br \/><strong>Termin:<\/strong> 10.05.2025<br \/><strong>Godziny:<\/strong> 12.00-18.00 (Przyj\u0119cia kot\u00f3w w godz. 11.00-12.00)<br \/><br \/>Swoj\u0105 obecno\u015bci\u0105 jako prowadz\u0105cy pokaz u\u015bwietni Roman Grabara.<br \/><br \/>Informacje dla zwiedzaj\u0105cych:<br \/><strong>Wst\u0119p wolny<\/strong><br \/><br \/>Informacje dla wystawc\u00f3w:<br \/>Zg\u0142oszenia nale\u017cy przes\u0142a\u0107 do dnia 30.04.2025r na adres mailowy klubu: info@amofeles.pl podaj\u0105c:<br \/>Imi\u0119 i nazwisko, miejsce zamieszkania + przynale\u017cno\u015b\u0107 klubow\u0105, przydomek hodowlany, ras\u0119 (wiek , rasa , p\u0142e\u0107 ), minimalna ilo\u015b\u0107 klatek du\u017cych (120&#215;60), numer telefonu. Ewidencja po zako\u0144czeniu wystawy zostanie przekazana Powiatowemu Lekarzowi Weterynarii w Poznaniu<br \/>Zg\u0142oszenia niekompletne nie b\u0119d\u0105 rozpatrywane.<br \/><br \/>Udzia\u0142 w pokazie jest bezp\u0142atny dla cz\u0142onk\u00f3w AmoFeles, dla cz\u0142onk\u00f3w z innych klub\u00f3w pod patronatem FPL, WCF, TICA, CFA<br \/>100 z\u0142\/klatk\u0119. Ilo\u015b\u0107 miejsc ograniczona<br \/>P\u0142atno\u015b\u0107 na konto klubu 86 1940 1076 3229 1124 0000 0000<br \/><br \/>Podczas pokazu zostanie przeprowadzony wyb\u00f3r najpi\u0119kniejszych kot\u00f3w i dokonywany jest przez klient\u00f3w Centrum Handlowego Panorama w Poznaniu. Klienci wype\u0142niaj\u0105 kupon g\u0142osuj\u0105c na koty w sze\u015bciu kategoriach:<br \/>&#8211; najpi\u0119kniejszy KOT,<br \/>&#8211; najpi\u0119kniejsza KOTKA,<br \/>&#8211; najpi\u0119kniejszy KOCIAK<br \/>&#8211; najpi\u0119kniejszy JUNOR<br \/>&#8211; najpi\u0119kniejszy KASTRAT<br \/>&#8211; najpi\u0119kniejsza KASTRATKA<br \/><br \/><strong>Warunki przyj\u0119cia kot\u00f3w:<\/strong><br \/>Wszystkie koty uczestnicz\u0105ce w pokazie musz\u0105 mie\u0107 uko\u0144czone 4 miesi\u0105ce, by\u0107 zarejestrowane w FPL, WCF lub TICA.<br \/>Nie s\u0105 wymagane za\u015bwiadczenia o stanie zdrowia kot\u00f3w, odb\u0119dzie si\u0119 kontrola weterynaryjna.<br \/>Koty przyj\u0119te na pokaz musz\u0105 by\u0107 zdrowe, wolne od chor\u00f3b zaka\u017anych i paso\u017cytniczych.<br \/>Obowi\u0105zuje szczepienie przeciwko wirusowemu zapaleniu g\u00f3rnych dr\u00f3g oddechowych i panleukopenii, dokonane nie wcze\u015bniej ni\u017c dwa lata i nie p\u00f3\u017aniej ni\u017c 15 dni przed pokazem.<br \/>Obowi\u0105zkowa ksi\u0105\u017ceczka zdrowia lub paszport kota.<br \/>Dla kot\u00f3w z terenu Polski szczepienie przeciwko w\u015bciekli\u017anie NIE OBOWI\u0104ZUJE.<br \/>Wystawiane koty musz\u0105 mie\u0107 obci\u0119te pazurki.<br \/>Koci\u0119ta, mioty musza by\u0107 zaszczepione minimum dwa razy na choroby wirusowe, wt\u00f3rne szczepienie nie p\u00f3\u017aniej ni\u017c 15 dni przed pokazem.<br \/>Wszystkie koty bior\u0105ce udzia\u0142 w pokazie musz\u0105 by\u0107 zachipowane.<br \/>Zapraszamy<\/p>\t\t\t\t\t\t<\/div>\n\t\t\t\t<\/div>\n\t\t\t\t\t<\/div>\n\t\t<\/div>\n\t\t\t\t\t\t\t<\/div>\n\t\t<\/section>\n\t\t\t\t<section class=\"elementor-section elementor-top-section elementor-element elementor-element-e5d6669 elementor-section-boxed elementor-section-height-default elementor-section-height-default\" data-id=\"e5d6669\" data-element_type=\"section\">\n\t\t\t\t\t\t<div class=\"elementor-container elementor-column-gap-default\">\n\t\t\t\t\t<div class=\"elementor-column elementor-col-100 elementor-top-column elementor-element elementor-element-254a036\" data-id=\"254a036\" data-element_type=\"column\">\n\t\t\t<div class=\"elementor-widget-wrap elementor-element-populated\">\n\t\t\t\t\t\t\t\t<div class=\"elementor-element elementor-element-f6f8986 elementor-widget elementor-widget-image\" data-id=\"f6f8986\" data-element_type=\"widget\" data-widget_type=\"image.default\">\n\t\t\t\t<div class=\"elementor-widget-container\">\n\t\t\t\t\t\t\t\t\t\t\t\t\t\t\t<img width=\"1024\" height=\"320\" src=\"http:\/\/www.amofeles.pl\/wp-content\/uploads\/2025\/04\/image001-1-1024x320.png\" class=\"attachment-large size-large\" alt=\"\" loading=\"lazy\" srcset=\"http:\/\/www.amofeles.pl\/wp-content\/uploads\/2025\/04\/image001-1-1024x320.png 1024w, http:\/\/www.amofeles.pl\/wp-content\/uploads\/2025\/04\/image001-1-300x94.png 300w, http:\/\/www.amofeles.pl\/wp-content\/uploads\/2025\/04\/image001-1-768x240.png 768w, http:\/\/www.amofeles.pl\/wp-content\/uploads\/2025\/04\/image001-1-1536x480.png 1536w, http:\/\/www.amofeles.pl\/wp-content\/uploads\/2025\/04\/image001-1-920x288.png 920w, http:\/\/www.amofeles.pl\/wp-content\/uploads\/2025\/04\/image001-1-230x72.png 230w, http:\/\/www.amofeles.pl\/wp-content\/uploads\/2025\/04\/image001-1-350x109.png 350w, http:\/\/www.amofeles.pl\/wp-content\/uploads\/2025\/04\/image001-1-480x150.png 480w, http:\/\/www.amofeles.pl\/wp-content\/uploads\/2025\/04\/image001-1.png 1600w\" sizes=\"(max-width: 1024px) 100vw, 1024px\" \/>\t\t\t\t\t\t\t\t\t\t\t\t\t\t\t<\/div>\n\t\t\t\t<\/div>\n\t\t\t\t\t<\/div>\n\t\t<\/div>\n\t\t\t\t\t\t\t<\/div>\n\t\t<\/section>\n\t\t\t\t\t\t<\/div>\n\t\t\t\t\t<\/div>\n\t\t","protected":false},"excerpt":{"rendered":"<p>Pozna\u0144ski Klub Kot\u00f3w Rasowych AmoFeles zaprasza serdecznie na Pokaz Kot\u00f3w , kt\u00f3ry [&hellip;]<\/p>\n","protected":false},"author":1,"featured_media":0,"comment_status":"closed","ping_status":"open","sticky":false,"template":"","format":"standard","meta":[],"categories":[1],"tags":[],"_links":{"self":[{"href":"http:\/\/www.amofeles.pl\/index.php\/wp-json\/wp\/v2\/posts\/2176"}],"collection":[{"href":"http:\/\/www.amofeles.pl\/index.php\/wp-json\/wp\/v2\/posts"}],"about":[{"href":"http:\/\/www.amofeles.pl\/index.php\/wp-json\/wp\/v2\/types\/post"}],"author":[{"embeddable":true,"href":"http:\/\/www.amofeles.pl\/index.php\/wp-json\/wp\/v2\/users\/1"}],"replies":[{"embeddable":true,"href":"http:\/\/www.amofeles.pl\/index.php\/wp-json\/wp\/v2\/comments?post=2176"}],"version-history":[{"count":4,"href":"http:\/\/www.amofeles.pl\/index.php\/wp-json\/wp\/v2\/posts\/2176\/revisions"}],"predecessor-version":[{"id":2181,"href":"http:\/\/www.amofeles.pl\/index.php\/wp-json\/wp\/v2\/posts\/2176\/revisions\/2181"}],"wp:attachment":[{"href":"http:\/\/www.amofeles.pl\/index.php\/wp-json\/wp\/v2\/media?parent=2176"}],"wp:term":[{"taxonomy":"category","embeddable":true,"href":"http:\/\/www.amofeles.pl\/index.php\/wp-json\/wp\/v2\/categories?post=2176"},{"taxonomy":"post_tag","embeddable":true,"href":"http:\/\/www.amofeles.pl\/index.php\/wp-json\/wp\/v2\/tags?post=2176"}],"curies":[{"name":"wp","href":"https:\/\/api.w.org\/{rel}","templated":true}]}}