{"id":2193,"date":"2025-05-04T16:00:00","date_gmt":"2025-05-04T16:00:00","guid":{"rendered":"http:\/\/www.amofeles.pl\/?p=2193"},"modified":"2025-05-21T17:14:45","modified_gmt":"2025-05-21T17:14:45","slug":"walne-zebranie-poznanskiego-klubu-kotow-rasowych-amofeles","status":"publish","type":"post","link":"http:\/\/www.amofeles.pl\/index.php\/2025\/05\/04\/walne-zebranie-poznanskiego-klubu-kotow-rasowych-amofeles\/","title":{"rendered":"Walne zebranie Pozna\u0144skiego Klubu Kot\u00f3w Rasowych AmoFeles"},"content":{"rendered":"\t\t<div data-elementor-type=\"wp-post\" data-elementor-id=\"2193\" class=\"elementor elementor-2193\" data-elementor-settings=\"[]\">\n\t\t\t\t\t\t\t<div class=\"elementor-section-wrap\">\n\t\t\t\t\t\t\t<section class=\"elementor-section elementor-top-section elementor-element elementor-element-c40fab9 elementor-section-boxed elementor-section-height-default elementor-section-height-default\" data-id=\"c40fab9\" data-element_type=\"section\">\n\t\t\t\t\t\t<div class=\"elementor-container elementor-column-gap-default\">\n\t\t\t\t\t<div class=\"elementor-column elementor-col-100 elementor-top-column elementor-element elementor-element-4cb5832\" data-id=\"4cb5832\" data-element_type=\"column\">\n\t\t\t<div class=\"elementor-widget-wrap elementor-element-populated\">\n\t\t\t\t\t\t\t\t<div class=\"elementor-element elementor-element-1a0bbf2 elementor-widget elementor-widget-text-editor\" data-id=\"1a0bbf2\" data-element_type=\"widget\" data-widget_type=\"text-editor.default\">\n\t\t\t\t<div class=\"elementor-widget-container\">\n\t\t\t\t\t\t\t<p>Szanowni Pa\u0144stwo,<\/p>\n<p>Zarz\u0105d Pozna\u0144skiego Klubu Kot\u00f3w Rasowych AmoFeles \u00a7 14 pkt. 2 i 5 Statutu Pozna\u0144skiego Klubu Kot\u00f3w<br>Rasowych AmoFeles zwo\u0142uje w dniu 18 maja 2025 roku (niedziela) Sprawozdawczo- Wyborcze Walne Zebranie<br>Cz\u0142onk\u00f3w Pozna\u0144skiego Klubu Kot\u00f3w Rasowych AmoFeles.<\/p>\n<p><b>Miejsce zebrania:<\/b><br>Stowarzyszenie Ksi\u0119gowych w Polsce<br>Oddzia\u0142 Wielkopolski w Poznaniu<\/p>\n<p>ul. Zi\u0119bicka 18<br>60-164 Pozna\u0144<\/p>\n<p>godz. 10:00 &#8211; pierwszy termin,<br>godz. 10:30 &#8211; drugi termin rozpocz\u0119cia zebrania<\/p>\n<p>Agenda zebrana zosta\u0142a wys\u0142ana na maila.<\/p>\n<p>Z wyrazami szacunku<br>Zarz\u0105d<br>Tymoteusz Smoczy\u0144ski<br>Agnieszka Barczak<br>Joanna Musialska<\/p>\t\t\t\t\t\t<\/div>\n\t\t\t\t<\/div>\n\t\t\t\t\t<\/div>\n\t\t<\/div>\n\t\t\t\t\t\t\t<\/div>\n\t\t<\/section>\n\t\t\t\t\t\t<\/div>\n\t\t\t\t\t<\/div>\n\t\t","protected":false},"excerpt":{"rendered":"<p>Szanowni Pa\u0144stwo, Zarz\u0105d Pozna\u0144skiego Klubu Kot\u00f3w Rasowych AmoFeles \u00a7 14 pkt. 2 [&hellip;]<\/p>\n","protected":false},"author":1,"featured_media":0,"comment_status":"closed","ping_status":"open","sticky":false,"template":"","format":"standard","meta":[],"categories":[1],"tags":[],"_links":{"self":[{"href":"http:\/\/www.amofeles.pl\/index.php\/wp-json\/wp\/v2\/posts\/2193"}],"collection":[{"href":"http:\/\/www.amofeles.pl\/index.php\/wp-json\/wp\/v2\/posts"}],"about":[{"href":"http:\/\/www.amofeles.pl\/index.php\/wp-json\/wp\/v2\/types\/post"}],"author":[{"embeddable":true,"href":"http:\/\/www.amofeles.pl\/index.php\/wp-json\/wp\/v2\/users\/1"}],"replies":[{"embeddable":true,"href":"http:\/\/www.amofeles.pl\/index.php\/wp-json\/wp\/v2\/comments?post=2193"}],"version-history":[{"count":5,"href":"http:\/\/www.amofeles.pl\/index.php\/wp-json\/wp\/v2\/posts\/2193\/revisions"}],"predecessor-version":[{"id":2198,"href":"http:\/\/www.amofeles.pl\/index.php\/wp-json\/wp\/v2\/posts\/2193\/revisions\/2198"}],"wp:attachment":[{"href":"http:\/\/www.amofeles.pl\/index.php\/wp-json\/wp\/v2\/media?parent=2193"}],"wp:term":[{"taxonomy":"category","embeddable":true,"href":"http:\/\/www.amofeles.pl\/index.php\/wp-json\/wp\/v2\/categories?post=2193"},{"taxonomy":"post_tag","embeddable":true,"href":"http:\/\/www.amofeles.pl\/index.php\/wp-json\/wp\/v2\/tags?post=2193"}],"curies":[{"name":"wp","href":"https:\/\/api.w.org\/{rel}","templated":true}]}}