{"id":2238,"date":"2025-11-13T19:59:54","date_gmt":"2025-11-13T19:59:54","guid":{"rendered":"http:\/\/www.amofeles.pl\/?p=2238"},"modified":"2026-02-04T19:37:12","modified_gmt":"2026-02-04T19:37:12","slug":"elementor-2238","status":"publish","type":"post","link":"http:\/\/www.amofeles.pl\/index.php\/2025\/11\/13\/elementor-2238\/","title":{"rendered":"MI\u0118DZYNARODOWA WYSTAWA KOT\u00d3W RASOWYCH WE WRZE\u015aNI 14-15 LUTEGO 2026R."},"content":{"rendered":"\t\t<div data-elementor-type=\"wp-post\" data-elementor-id=\"2238\" class=\"elementor elementor-2238\" data-elementor-settings=\"[]\">\n\t\t\t\t\t\t\t<div class=\"elementor-section-wrap\">\n\t\t\t\t\t\t\t<section class=\"elementor-section elementor-top-section elementor-element elementor-element-2f16409 elementor-section-boxed elementor-section-height-default elementor-section-height-default\" data-id=\"2f16409\" data-element_type=\"section\">\n\t\t\t\t\t\t<div class=\"elementor-container elementor-column-gap-default\">\n\t\t\t\t\t<div class=\"elementor-column elementor-col-100 elementor-top-column elementor-element elementor-element-a7f10e0\" data-id=\"a7f10e0\" data-element_type=\"column\">\n\t\t\t<div class=\"elementor-widget-wrap elementor-element-populated\">\n\t\t\t\t\t\t\t\t<div class=\"elementor-element elementor-element-bc74126 elementor-widget elementor-widget-text-editor\" data-id=\"bc74126\" data-element_type=\"widget\" data-widget_type=\"text-editor.default\">\n\t\t\t\t<div class=\"elementor-widget-container\">\n\t\t\t\t\t\t\t<p>Pozna\u0144ski Klub Kot\u00f3w Rasowych AmoFeles wsp\u00f3lnie z Burmistrzem Miasta Wrze\u015bnia serdecznie zapraszaj\u0105 na 5 i 6 Mi\u0119dzynarodow\u0105 Wystaw\u0119 Kot\u00f3w Rasowych we Wrze\u015bni.<\/p><p><strong>Podczas wystawy obchodzone b\u0119dzie;<\/strong><br \/>25- lecie HODOWLI KOT\u00d3W RAGDOLL w Polsce<\/p><p><strong>Data wystawy:<\/strong><br \/>sobota: 14.02.2026<br \/>niedziela: 15.02.2026<\/p><p><strong>Miejsce wystawy:<\/strong><br \/>Wrzesi\u0144skie Obiekty Sportowo-Rekreacyjne<br \/>Kosynier\u00f3w 1, 62-302 Wrze\u015bnia (<a href=\"https:\/\/maps.app.goo.gl\/aQkQPGAuGn9HDjK49\" target=\"_blank\" rel=\"noopener\">https:\/\/maps.app.goo.gl\/aQkQPGAuGn9HDjK49<\/a>)<\/p><p><strong>Zaproszeni s\u0119dziowie:<\/strong><br \/>&#8211; Mrs. Caroline Stoa All Bred &#8211; (NO)<br \/>&#8211; Mrs. Ksenia Sj\u00f6bom &#8211; 2,3,4 (SE)<br \/>&#8211; Mr. Glenn Sj\u00f6bom &#8211; All Breed &#8211; (SE)<br \/>&#8211; Mr. Rui Pacheco &#8211; All Breed &#8211; (IT)<br \/>&#8211; Mr. Cristiano Federico Sandon -1,2,4 (IT)<\/p><p>Sk\u0142ad s\u0119dziowski mo\u017ce ulec zmianie.<br \/>Szef steward\u00f3w: Magdalena Musialska. Zg\u0142oszenia na e-mail:\u00a0<a href=\"https:\/\/poczta.onet.pl\/NowaWiadomosc\/_subtype\/Do\/_encryptedEmails\/QlAkBFFKEBx2dgsdBXJ2cQQBfChCchE2Egk%2FZgEXARAfQkFWQwEGF1QnVkFWAwsCBAFWVkQTB3QWAFQeCQ1CDgYKUggZCVZndF5VV1o%2FaiVLJk9VcgZvN0FvBxYSYA%3D%3D\" target=\"_blank\" rel=\"noopener\">mmusialskam@gmail.com<\/a><\/p><p><strong>TERMIN ZG\u0141ASZANIA:<\/strong> do 29.01.2025 r. lub do wyczerpania miejsc<\/p><p><strong>Program wystawy:<\/strong><br \/>Sobota\/ Niedziela<br \/>7:45- 9:00 Przyjmowanie kot\u00f3w 8:00-8:30<br \/>10:00\u2013 10:15 Korekta 8:30 \u2013 8.45<br \/>10:30\u2013 15:00 Ocena kot\u00f3w 9:00 \u2013 13:00<br \/>16:00 \u2013 18:30 Best in Show 14:00-16:30<\/p><p>W oba dni Best in Show b\u0119dzie przeprowadzony w formie Best in Category.<\/p><p>W sobot\u0119:<br \/>1. Specjalistyczna wystawa kot\u00f3w ragdoll<br \/>&#8211; z wyborem najpi\u0119kniejszego kocura<br \/>&#8211; z wyborem najpi\u0119kniejszej kotki<br \/>&#8211; z wyborem najpi\u0119kniejszego juniora<br \/>&#8211; z wyborem najlepszego kociaka<br \/>Wyboru BEST OF BEST dokona nasz GO\u015a\u0106 HONOROWY Pani Zofia Jankowska<br \/>2. W oba dni organizator przewiduje Breed BIS kot\u00f3w rasy NFO , MCO lub BSH (jeden warunek zg\u0142oszenia kot\u00f3w musz\u0105 osi\u0105gn\u0105\u0107 wymogi regulaminu)<br \/>W niedziel\u0119:<br \/>3. Wr\u0119czenie nagr\u00f3d Super Kot AmoFeles 2025<\/p><p><strong>Zg\u0142oszenia prosimy przesy\u0142a\u0107: &#8211; on-line:\u00a0<a href=\"https:\/\/af.miau.pl\/\" target=\"_blank\" rel=\"noopener\">https:\/\/af.miau.pl\/<\/a><\/strong><\/p><p>Ostateczny termin przyjmowania op\u0142at za wystaw\u0119 up\u0142ywa dnia 01.02.2026 r.<br \/>Z chwil\u0105, gdy osi\u0105gniemy wymagan\u0105 ilo\u015b\u0107 kot\u00f3w, zg\u0142oszenia zostan\u0105 zamkni\u0119te szybciej.<br \/>Zg\u0142oszenie jest jednoznaczne z akceptacj\u0105 zawartych informacji, ustale\u0144 i zobowi\u0105zaniem do wniesienia op\u0142aty (Regulamin Wystawowy FIFe art.1.15 pkt., a Organizator zastrzega sobie prawo do nie przyj\u0119cia zg\u0142oszenia bez podania przyczyny.<\/p><p><strong>CENNIK: Op\u0142aty dla wystawc\u00f3w 1dzie\u0144 \/ 2dni<\/strong><\/p><p>&#8211; jeden kot (kl. 1, 3, 5, 7, 9, 11,12) &#8211; 200 PLN (45Euro) \/ 250 PLN (60 Euro)<br \/>&#8211; kastrat, weteran, go\u015b\u0107 wystawy, kot domowy &#8211; 180 PLN (35 Euro) \/ 220 PLN (45 Euro)<br \/>&#8211; miot 250 PLN (65 Euro) PLN \/ 300 PLN (70 Euro)<br \/>&#8211; op\u0142ata za ustalenie koloru 50 PLN (15 Euro)<br \/>Dop\u0142ata za podw\u00f3jn\u0105 klatk\u0119 za jednego kota 50 PLN (15 Euro) za jeden dzie\u0144 &#8211; 100 PLN za dwa dni wystawy (30 Euro)<br \/>Obs\u0142uga p\u0142atno\u015bci na wystawie (za wystawc\u0119) + 50,00 PLN (15 Euro)<\/p><p><strong>UWAGA KOTY RAGDOLL<\/strong><br \/>&#8211; kl. 1,3,5,7,9,11,12: jeden dzie\u0144 &#8211; 150z\u0142 za kota, dwa dni \u2013 200z\u0142 za kota,<br \/>&#8211; kastraty: jeden dzie\u0144 &#8211; 130z\u0142 za kota, dwa dni \u2013 170z\u0142 za kota,<br \/>&#8211; weterani(koty powy\u017cej 7 roku \u017cycia): sobota \/ niedziela\u2013 GRATIS(pod warunkiem zg\u0142oszenia najmniej 1 kota z klasy 1,3,5,7,9,11,12 lub kastrata w wieku poni\u017cej 7 lat).<\/p><p><strong>DLA KLUBOWICZ\u00d3W AMOFELES PRZY ZG\u0141OSZENIU NA DWA DNI OD PODANYCH CEN minus 20 Z\u0141.<\/strong><\/p><p><strong>Wp\u0142aty na konto:<\/strong><br \/>Konto bankowe -PLN: 86 1940 1076 3229 1124 0000 0000<br \/>Bank account \u2013 Euro: PL42 1940 1076 3229 2772 0000 0000<br \/>W tytule przelewu prosz\u0119 wpisa\u0107 imi\u0119 i nazwisko wystawcy oraz imi\u0119 i przydomek kota.<br \/>Osoby, kt\u00f3re b\u0119d\u0105 wystawia\u0107 koty we w\u0142asnych klatkach, proszone s\u0105 poinformowa\u0107 o tym fakcie organizatora wystawy przy zg\u0142oszeniu.<\/p><p><strong>Warunki weterynaryjne:<\/strong><br \/>Koty uczestnicz\u0105ce w wystawie musz\u0105 posiada\u0107 mikrochip, by\u0107 zdrowe, wolne od chor\u00f3b zaka\u017anych i paso\u017cytniczych. Koty bior\u0105ce udzia\u0142 w wystawie musz\u0105 by\u0107 zaszczepione zgodnie z krajowymi przepisami weterynaryjnym przeciwko panleukopenii i kociemu katarowi nie wcze\u015bniej ni\u017c 2 lata (730 dni) i nie p\u00f3\u017aniej ni\u017c 15 dni przed wystaw\u0105. Koty bia\u0142e musz\u0105 mie\u0107 dodatkowo za\u015bwiadczenie lekarskie o stanie s\u0142uchu. Wystawiane koty musz\u0105 mie\u0107 obci\u0119te pazury.<\/p><p><strong>Warunki wystawy:<\/strong><br \/>W u\u017cyciu pozostaj\u0105 wszelkie przepisy i regulaminy wystawowe FIFe, oraz Polskiej Federacji Felinologicznej Felis Polonia. Prawo wst\u0119pu na teren wystawy maj\u0105 koty, kt\u00f3re uko\u0144czy\u0142y cztery miesi\u0105ce, s\u0105 zg\u0142oszone na wystaw\u0119 i przesz\u0142y kontrol\u0119 weterynaryjn\u0105. W czasie trwania wystawy koty musz\u0105 przebywa\u0107 w udekorowanych klatkach. Wys\u0142anie zg\u0142oszenia i jego elektroniczne lub pisemne potwierdzenie jest r\u00f3wnoznaczne z akceptacj\u0105 wszelkich warunk\u00f3w wystawy w tym r\u00f3wnie\u017c finansowych, oraz wyra\u017ceniem zgody na przetwarzanie danych osobowych przez Organizatora.<br \/>Hodowca, wystawca powinien posiada\u0107 na wystawie: &#8211; ksi\u0105\u017ceczk\u0119 lub paszport kota z aktualnymi szczepieniami i numerem mikrochip; &#8211; dow\u00f3d op\u0142aty za uczestnictwo w wystawie.<br \/>Uwaga: przypominamy o znowelizowanych przepisach FIFe dotycz\u0105cych dobrostanu zwierz\u0105t w trakcie trwania wystawy.<\/p><p>Parking: bezp\u0142atny w s\u0105siedztwie hali oraz z ograniczon\u0105 ilo\u015bci\u0105 miejsc na boisku szkolnym.<\/p><p>Dodatkowe informacje:<br \/>Klatki wystawowe: wymiary w podstawie 60x60cm, wysoko\u015b\u0107: 65cm, Klatki nie maj\u0105 pe\u0142nego dna, tylko siatk\u0119.<br \/>Katalog kot\u00f3w zg\u0142oszonych b\u0119dzie w wersji elektronicznej. Wystawa b\u0119dzie otwarta dla zwiedzaj\u0105cych, impreza biletowana z publiczno\u015bci\u0105.<br \/>Dyplomy b\u0119d\u0105 wydawane po Best In Show, wcze\u015bniejsze wydanie dyplomu\/wyj\u015bcie 150 z\u0142.<br \/>Informacja dla os\u00f3b odwiedzaj\u0105cych wystaw\u0119: bilety do kupienia tylko i wy\u0142\u0105cznie na miejscu wystawy, p\u0142atno\u015b\u0107 za bilety wst\u0119pu: got\u00f3wka lub w formie elektronicznej.<br \/>Cennik: bilet normalny 20 z\u0142, ulgowy 10 z\u0142(emeryci, renci\u015bci, dzieci w wieku szkolnym), dzieci do lat 6 &#8211; wst\u0119p wolny<\/p>\t\t\t\t\t\t<\/div>\n\t\t\t\t<\/div>\n\t\t\t\t\t<\/div>\n\t\t<\/div>\n\t\t\t\t\t\t\t<\/div>\n\t\t<\/section>\n\t\t\t\t<section class=\"elementor-section elementor-top-section elementor-element elementor-element-aeced8f elementor-section-boxed elementor-section-height-default elementor-section-height-default\" data-id=\"aeced8f\" data-element_type=\"section\">\n\t\t\t\t\t\t<div class=\"elementor-container elementor-column-gap-default\">\n\t\t\t\t\t<div class=\"elementor-column elementor-col-100 elementor-top-column elementor-element elementor-element-b4d41ed\" data-id=\"b4d41ed\" data-element_type=\"column\">\n\t\t\t<div class=\"elementor-widget-wrap elementor-element-populated\">\n\t\t\t\t\t\t\t\t<div class=\"elementor-element elementor-element-5143d69 elementor-widget elementor-widget-image\" data-id=\"5143d69\" data-element_type=\"widget\" data-widget_type=\"image.default\">\n\t\t\t\t<div class=\"elementor-widget-container\">\n\t\t\t\t\t\t\t\t\t\t\t\t\t\t\t<img width=\"724\" height=\"1024\" src=\"http:\/\/www.amofeles.pl\/wp-content\/uploads\/2025\/11\/wystawa-wrzesnia-2026-wglad-724x1024.jpg\" class=\"attachment-large size-large\" alt=\"\" loading=\"lazy\" srcset=\"http:\/\/www.amofeles.pl\/wp-content\/uploads\/2025\/11\/wystawa-wrzesnia-2026-wglad-724x1024.jpg 724w, http:\/\/www.amofeles.pl\/wp-content\/uploads\/2025\/11\/wystawa-wrzesnia-2026-wglad-212x300.jpg 212w, http:\/\/www.amofeles.pl\/wp-content\/uploads\/2025\/11\/wystawa-wrzesnia-2026-wglad-768x1087.jpg 768w, http:\/\/www.amofeles.pl\/wp-content\/uploads\/2025\/11\/wystawa-wrzesnia-2026-wglad-230x325.jpg 230w, http:\/\/www.amofeles.pl\/wp-content\/uploads\/2025\/11\/wystawa-wrzesnia-2026-wglad-350x495.jpg 350w, http:\/\/www.amofeles.pl\/wp-content\/uploads\/2025\/11\/wystawa-wrzesnia-2026-wglad-480x679.jpg 480w, http:\/\/www.amofeles.pl\/wp-content\/uploads\/2025\/11\/wystawa-wrzesnia-2026-wglad.jpg 848w\" sizes=\"(max-width: 724px) 100vw, 724px\" \/>\t\t\t\t\t\t\t\t\t\t\t\t\t\t\t<\/div>\n\t\t\t\t<\/div>\n\t\t\t\t\t<\/div>\n\t\t<\/div>\n\t\t\t\t\t\t\t<\/div>\n\t\t<\/section>\n\t\t\t\t\t\t<\/div>\n\t\t\t\t\t<\/div>\n\t\t","protected":false},"excerpt":{"rendered":"<p>Pozna\u0144ski Klub Kot\u00f3w Rasowych AmoFeles wsp\u00f3lnie z Burmistrzem Miasta Wrze\u015bnia serdecznie zapraszaj\u0105 [&hellip;]<\/p>\n","protected":false},"author":1,"featured_media":0,"comment_status":"closed","ping_status":"open","sticky":false,"template":"","format":"standard","meta":[],"categories":[1],"tags":[],"_links":{"self":[{"href":"http:\/\/www.amofeles.pl\/index.php\/wp-json\/wp\/v2\/posts\/2238"}],"collection":[{"href":"http:\/\/www.amofeles.pl\/index.php\/wp-json\/wp\/v2\/posts"}],"about":[{"href":"http:\/\/www.amofeles.pl\/index.php\/wp-json\/wp\/v2\/types\/post"}],"author":[{"embeddable":true,"href":"http:\/\/www.amofeles.pl\/index.php\/wp-json\/wp\/v2\/users\/1"}],"replies":[{"embeddable":true,"href":"http:\/\/www.amofeles.pl\/index.php\/wp-json\/wp\/v2\/comments?post=2238"}],"version-history":[{"count":14,"href":"http:\/\/www.amofeles.pl\/index.php\/wp-json\/wp\/v2\/posts\/2238\/revisions"}],"predecessor-version":[{"id":2289,"href":"http:\/\/www.amofeles.pl\/index.php\/wp-json\/wp\/v2\/posts\/2238\/revisions\/2289"}],"wp:attachment":[{"href":"http:\/\/www.amofeles.pl\/index.php\/wp-json\/wp\/v2\/media?parent=2238"}],"wp:term":[{"taxonomy":"category","embeddable":true,"href":"http:\/\/www.amofeles.pl\/index.php\/wp-json\/wp\/v2\/categories?post=2238"},{"taxonomy":"post_tag","embeddable":true,"href":"http:\/\/www.amofeles.pl\/index.php\/wp-json\/wp\/v2\/tags?post=2238"}],"curies":[{"name":"wp","href":"https:\/\/api.w.org\/{rel}","templated":true}]}}